{"id":408,"date":"2025-12-09T08:06:11","date_gmt":"2025-12-09T08:06:11","guid":{"rendered":"http:\/\/www.kanal28.com\/?p=408"},"modified":"2025-12-09T08:06:11","modified_gmt":"2025-12-09T08:06:11","slug":"goksu-travertenlerini-yaklasik-350-bin-kisi-ziyaret-etti","status":"publish","type":"post","link":"http:\/\/www.kanal28.com\/index.php\/2025\/12\/09\/goksu-travertenlerini-yaklasik-350-bin-kisi-ziyaret-etti\/","title":{"rendered":"G\u00f6ksu travertenlerini yakla\u015f\u0131k 350 bin ki\u015fi ziyaret etti"},"content":{"rendered":"\n<p>G\u0130RESUN (AA) &#8211; Giresun&#8217;da, turkuaz renkli g\u00f6letler ve beyaz ta\u015flardan olu\u015fan G\u00f6ksu travertenlerini bu sezon yakla\u015f\u0131k 350 bin ki\u015fi gezdi.<\/p>\n\n\n\n<p>\u0130l \u00d6zel \u0130daresinden al\u0131nan bilgiye g\u00f6re, Dereli il\u00e7esinin P\u0131narlar k\u00f6y\u00fcnde b\u00fcy\u00fckl\u00fc k\u00fc\u00e7\u00fckl\u00fc g\u00f6letlerden olu\u015fan travertenler, sezonun a\u00e7\u0131ld\u0131\u011f\u0131 Nisan ay\u0131ndan bu yana yo\u011fun ilgi g\u00f6rd\u00fc.<\/p>\n\n\n\n<p>D\u00fcn itibariyle 350 bin civar\u0131nda ki\u015finin gezdi\u011fi travertenler, kent ve b\u00f6lge turizmine \u00f6nemli katk\u0131 sa\u011flad\u0131.<\/p>\n\n\n\n<p>Travertenlerin 2026&#8217;n\u0131n Mart ay\u0131nda kap\u0131lar\u0131n\u0131 tekrar ziyaret\u00e7ilerine a\u00e7mas\u0131 planlan\u0131yor.<\/p>\n","protected":false},"excerpt":{"rendered":"<p>G\u00f6ksu travertenlerini yakla\u015f\u0131k 350 bin ki\u015fi ziyaret etti<\/p>\n","protected":false},"author":1,"featured_media":409,"comment_status":"open","ping_status":"open","sticky":false,"template":"","format":"standard","meta":{"footnotes":""},"categories":[1],"tags":[],"class_list":["post-408","post","type-post","status-publish","format-standard","has-post-thumbnail","hentry","category-gundem"],"_links":{"self":[{"href":"http:\/\/www.kanal28.com\/index.php\/wp-json\/wp\/v2\/posts\/408","targetHints":{"allow":["GET"]}}],"collection":[{"href":"http:\/\/www.kanal28.com\/index.php\/wp-json\/wp\/v2\/posts"}],"about":[{"href":"http:\/\/www.kanal28.com\/index.php\/wp-json\/wp\/v2\/types\/post"}],"author":[{"embeddable":true,"href":"http:\/\/www.kanal28.com\/index.php\/wp-json\/wp\/v2\/users\/1"}],"replies":[{"embeddable":true,"href":"http:\/\/www.kanal28.com\/index.php\/wp-json\/wp\/v2\/comments?post=408"}],"version-history":[{"count":1,"href":"http:\/\/www.kanal28.com\/index.php\/wp-json\/wp\/v2\/posts\/408\/revisions"}],"predecessor-version":[{"id":410,"href":"http:\/\/www.kanal28.com\/index.php\/wp-json\/wp\/v2\/posts\/408\/revisions\/410"}],"wp:featuredmedia":[{"embeddable":true,"href":"http:\/\/www.kanal28.com\/index.php\/wp-json\/wp\/v2\/media\/409"}],"wp:attachment":[{"href":"http:\/\/www.kanal28.com\/index.php\/wp-json\/wp\/v2\/media?parent=408"}],"wp:term":[{"taxonomy":"category","embeddable":true,"href":"http:\/\/www.kanal28.com\/index.php\/wp-json\/wp\/v2\/categories?post=408"},{"taxonomy":"post_tag","embeddable":true,"href":"http:\/\/www.kanal28.com\/index.php\/wp-json\/wp\/v2\/tags?post=408"}],"curies":[{"name":"wp","href":"https:\/\/api.w.org\/{rel}","templated":true}]}}