{"id":399,"date":"2025-12-02T13:21:02","date_gmt":"2025-12-02T13:21:02","guid":{"rendered":"http:\/\/www.kanal28.com\/?p=399"},"modified":"2025-12-02T13:21:02","modified_gmt":"2025-12-02T13:21:02","slug":"anahtar-parti-giresun-il-baskani-berat-akkaya-yabanci-silahli-unsurlarin-turk-topragindaki-varligi-kabul-edilemez","status":"publish","type":"post","link":"http:\/\/www.kanal28.com\/index.php\/2025\/12\/02\/anahtar-parti-giresun-il-baskani-berat-akkaya-yabanci-silahli-unsurlarin-turk-topragindaki-varligi-kabul-edilemez\/","title":{"rendered":"Anahtar Parti Giresun \u0130l Ba\u015fkan\u0131 Berat AKKAYA; \u201cYabanc\u0131 Silahl\u0131 Unsurlar\u0131n T\u00fcrk Topra\u011f\u0131ndaki Varl\u0131\u011f\u0131 Kabul Edilemez\u201d"},"content":{"rendered":"\n<p><strong>Anahtar Parti Giresun \u0130l Ba\u015fkan\u0131 Berat Akkaya<\/strong>, \u015e\u0131rnak ve Cizre\u2019de Mesud Barzani\u2019nin kat\u0131l\u0131m\u0131yla ger\u00e7ekle\u015ftirilen programlarda ortaya \u00e7\u0131kan g\u00f6r\u00fcnt\u00fclere sert tepki g\u00f6sterdi. Akkaya, \u201cT\u00fcrk topraklar\u0131nda yabanc\u0131 silahl\u0131 unsurlar\u0131n varl\u0131\u011f\u0131 kabul edilemez\u201d diyerek h\u00fck\u00fcmeti a\u00e7\u0131klama yapmaya davet etti.<\/p>\n\n\n\n<p>Akkaya, son g\u00fcnlerde devlet protokol\u00fc ve ciddiyetini zedeleyen sahnelerin art arda g\u00fcndeme geldi\u011fini belirterek \u015fu ifadeleri kulland\u0131:<\/p>\n\n\n\n<blockquote class=\"wp-block-quote is-layout-flow wp-block-quote-is-layout-flow\">\n<p>\u201cBir tarafta devlet vakar\u0131n\u0131 zedeleyen t\u00f6renler, di\u011fer tarafta Cizre\u2019de protokol kurallar\u0131n\u0131n hi\u00e7e say\u0131ld\u0131\u011f\u0131 g\u00f6r\u00fcnt\u00fcler\u2026 Ne oluyor ve nereye gidiyoruz? Bu tabloyu millete izah etmek h\u00fck\u00fcmetin sorumlulu\u011fudur.\u201d<\/p>\n<\/blockquote>\n\n\n\n<h2 class=\"wp-block-heading\"><strong>\u201cBarzani\u2019nin resm\u00ee bir s\u0131fat\u0131 yok\u201d<\/strong><\/h2>\n\n\n\n<p>Ziyaret s\u0131ras\u0131nda Mesud Barzani\u2019ye g\u00f6sterilen resmi t\u00f6ren d\u00fczeninin do\u011fru olmad\u0131\u011f\u0131n\u0131 s\u00f6yleyen Akkaya, Barzani\u2019nin bug\u00fcn ne Irak Merkezi H\u00fck\u00fcmeti\u2019nde ne de Kuzey Irak y\u00f6netiminde resm\u00ee bir g\u00f6revi bulunmad\u0131\u011f\u0131n\u0131 hat\u0131rlatt\u0131:<\/p>\n\n\n\n<blockquote class=\"wp-block-quote is-layout-flow wp-block-quote-is-layout-flow\">\n<p>\u201cEn fazla eski bir devlet adam\u0131na g\u00f6sterilecek seviyede bir a\u011f\u0131rlama yap\u0131labilirdi. Fazlas\u0131 devlet ciddiyetini zedeler.\u201d<\/p>\n<\/blockquote>\n\n\n\n<h2 class=\"wp-block-heading\"><strong>Yabanc\u0131 silahl\u0131 unsurlar tepkisi<\/strong><\/h2>\n\n\n\n<p>Akkaya, ziyarette g\u00f6r\u00fcnt\u00fclenen yabanc\u0131 korumalar\u0131n askeri \u00fcniforma ve uzun namlulu silahlarla dola\u015fmas\u0131n\u0131n b\u00fcy\u00fck bir skandal oldu\u011funu vurgulad\u0131:<\/p>\n\n\n\n<blockquote class=\"wp-block-quote is-layout-flow wp-block-quote-is-layout-flow\">\n<p>\u201cT\u00fcrk topraklar\u0131nda yabanc\u0131 silahl\u0131 unsurlar\u0131n g\u00f6r\u00fcnt\u00fclenmesi kabul edilemez. Diplomatik ziyaretlerde dahi uzun namlulu silah getirilmesi yasakt\u0131r.\u201d<\/p>\n<\/blockquote>\n\n\n\n<h2 class=\"wp-block-heading\"><strong>\u201cBu g\u00f6r\u00fcnt\u00fclerin sorumlusu kim?\u201d<\/strong><\/h2>\n\n\n\n<p>Akkaya, ya\u015fanan olaylarla ilgili kamuoyunun cevap bekledi\u011fini s\u00f6yledi ve \u015fu sorular\u0131 s\u0131ralad\u0131:<\/p>\n\n\n\n<ul class=\"wp-block-list\">\n<li>\u201cBu g\u00f6r\u00fcnt\u00fclerin sorumlusu kim?<\/li>\n\n\n\n<li>Valilik mi, \u0130\u00e7i\u015fleri Bakanl\u0131\u011f\u0131 m\u0131?<\/li>\n\n\n\n<li>Protokolde bulunan \u0130\u00e7i\u015fleri Bakan Yard\u0131mc\u0131s\u0131, Vali, Rekt\u00f6r, Kaymakam ve di\u011fer y\u00f6neticiler nas\u0131l bir tutum sergiledi?<\/li>\n\n\n\n<li>Kamusal bir t\u00f6rende farkl\u0131 dillerde yap\u0131lan konu\u015fmalar resmi prosed\u00fcrle nas\u0131l \u00f6rt\u00fc\u015f\u00fcyor?\u201d<\/li>\n<\/ul>\n\n\n\n<h2 class=\"wp-block-heading\"><strong>\u201cBu sorular millet ad\u0131na cevap bekliyor\u201d<\/strong><\/h2>\n\n\n\n<p>Akkaya, devlet team\u00fcllerinin a\u00e7\u0131k\u00e7a ihlal edildi\u011fini belirterek a\u00e7\u0131klamas\u0131n\u0131 \u015f\u00f6yle tamamlad\u0131:<\/p>\n\n\n\n<blockquote class=\"wp-block-quote is-layout-flow wp-block-quote-is-layout-flow\">\n<p>\u201cCizre\u2019de ya\u015fananlar devlet gelene\u011fimize ve T\u00fcrkiye Cumhuriyeti\u2019nin k\u00f6kl\u00fc itibar\u0131na zarar vermektedir. T\u00fcm bu sorular millet ad\u0131na cevap beklemektedir. Konunun takip\u00e7isi olaca\u011f\u0131z.\u201d<\/p>\n<\/blockquote>\n","protected":false},"excerpt":{"rendered":"<p>Anahtar Parti Giresun \u0130l Ba\u015fkan\u0131 Berat AKKAYA; \u201cYabanc\u0131 Silahl\u0131 Unsurlar\u0131n T\u00fcrk Topra\u011f\u0131ndaki Varl\u0131\u011f\u0131 Kabul Edilemez\u201d<\/p>\n","protected":false},"author":1,"featured_media":346,"comment_status":"open","ping_status":"open","sticky":false,"template":"","format":"standard","meta":{"footnotes":""},"categories":[1],"tags":[],"class_list":["post-399","post","type-post","status-publish","format-standard","has-post-thumbnail","hentry","category-gundem"],"_links":{"self":[{"href":"http:\/\/www.kanal28.com\/index.php\/wp-json\/wp\/v2\/posts\/399","targetHints":{"allow":["GET"]}}],"collection":[{"href":"http:\/\/www.kanal28.com\/index.php\/wp-json\/wp\/v2\/posts"}],"about":[{"href":"http:\/\/www.kanal28.com\/index.php\/wp-json\/wp\/v2\/types\/post"}],"author":[{"embeddable":true,"href":"http:\/\/www.kanal28.com\/index.php\/wp-json\/wp\/v2\/users\/1"}],"replies":[{"embeddable":true,"href":"http:\/\/www.kanal28.com\/index.php\/wp-json\/wp\/v2\/comments?post=399"}],"version-history":[{"count":1,"href":"http:\/\/www.kanal28.com\/index.php\/wp-json\/wp\/v2\/posts\/399\/revisions"}],"predecessor-version":[{"id":400,"href":"http:\/\/www.kanal28.com\/index.php\/wp-json\/wp\/v2\/posts\/399\/revisions\/400"}],"wp:featuredmedia":[{"embeddable":true,"href":"http:\/\/www.kanal28.com\/index.php\/wp-json\/wp\/v2\/media\/346"}],"wp:attachment":[{"href":"http:\/\/www.kanal28.com\/index.php\/wp-json\/wp\/v2\/media?parent=399"}],"wp:term":[{"taxonomy":"category","embeddable":true,"href":"http:\/\/www.kanal28.com\/index.php\/wp-json\/wp\/v2\/categories?post=399"},{"taxonomy":"post_tag","embeddable":true,"href":"http:\/\/www.kanal28.com\/index.php\/wp-json\/wp\/v2\/tags?post=399"}],"curies":[{"name":"wp","href":"https:\/\/api.w.org\/{rel}","templated":true}]}}